{"id":5013,"date":"2015-08-18T19:39:34","date_gmt":"2015-08-18T18:39:34","guid":{"rendered":"http:\/\/www.kosmala.pl\/?p=5013"},"modified":"2015-08-18T19:39:34","modified_gmt":"2015-08-18T18:39:34","slug":"na-zachodzie-bez-zmian","status":"publish","type":"post","link":"http:\/\/www.kosmala.pl\/?p=5013","title":{"rendered":"Na Zachodzie Bez Zmian"},"content":{"rendered":"<p>Kilka lat temu, gdzie\u015b w sieci natrafi\u0142em na ciekawy komentarz, dotycz\u0105cy podej\u015bcia rodak\u00f3w do wszelakiej ma\u015bci urz\u0119d\u00f3w i przepis\u00f3w. Postawiona w tym komentarzu teza wydaje mi si\u0119 ciekawa i sp\u00f3jna. Ot\u00f3\u017c i ona: Przez 120 lat rozbior\u00f3w, aparat pa\u0144stwowy by\u0142 dla naszych okupant\u00f3w narz\u0119dziem do trzymania spo\u0142ecze\u0144stwa za pysk. Si\u0142\u0105 rzeczy spo\u0142ecze\u0144stwo wyrobi\u0142o sobie o urz\u0119dach zdanie jak najgorsze, a przecie\u017c by\u0142 to w\u0142a\u015bnie okres kszta\u0142towania si\u0119 w europie nowoczesnej pa\u0144stwowo\u015bci. Powy\u017csze by\u0142o jednym z (pomniejszych, ale jednak) powod\u00f3w p\u00f3\u017aniejszego administracyjnego burdelu w okresie dwudziestolecia mi\u0119dzywojennego. Okres II wojny \u015bwiatowej i okupacji niemieckiej &#8211; wiadomo, kontrola obywatela do sze\u015bcianu. Po wojnie lata radosnej kolektywizacji (mimo stwierdzenia Stalina, \u017ce wprowadzi\u0107 w Polsce socjalizm, to jak za\u0142o\u017cy\u0107 krowie siod\u0142o) i pr\u00f3ba urz\u0119dowego uszcz\u0119\u015bliwienia obywateli spo\u0142eczn\u0105 i ekonomiczn\u0105 r\u00f3wno\u015bci\u0105. Cz\u0119sto bez ich zgody, ale za to z propagandowym przytupem wzbudzaj\u0105cym niesmak w ka\u017cdym obywatelu, kt\u00f3ry nie by\u0142 \u015blepy i potrafi\u0142 po cichu zliczy\u0107 sobie dwa do dw\u00f3ch. Potem zmiana ustroju i z\u0142odziejska, ale prowadzona w pe\u0142nym majestacie prawa prywatyzacja pa\u0144stwowego maj\u0105tku. I nowe prawo, kt\u00f3re pomaga tylko bogatym i wp\u0142ywowym ludziom z uk\u0142adu wzajemnych powi\u0105za\u0144.<br \/>\nW efekcie tego wszystkiego, przeci\u0119tny polak ma zakodowan\u0105 organiczn\u0105 niech\u0119\u0107 do wszelkiej ma\u015bci przepis\u00f3w i urz\u0119d\u00f3w. S\u0105 one dla nas jedynie \u017cyciowymi trudno\u015bciami na kt\u00f3re nie mamy wp\u0142ywu, i kt\u00f3re zbywamy wzruszeniem ramion jak wiatr, czy deszcz &#8211; pada bo musi i nic si\u0119 na to nie poradzi&#8230;<\/p>\n<p>A do powy\u017cszych przemy\u015ble\u0144 i zamieszczenia tego wpisu natchn\u0119\u0142a mnie sytuacja, kt\u00f3r\u0105 zaobserwowa\u0142em wczoraj. Nowogard. Jezdnia z zakazem ruchu rower\u00f3w, obok \u015bcie\u017cka rowerowa i przy niej chodnik dla pieszych. Po jezdni z ww. zakazem jad\u0105 dwie u\u015bmiechni\u0119te rowerzystki, po \u015bcie\u017cce dla rower\u00f3w spaceruje jaki\u015b gostek z psem, a po chodniku&#8230; jedzie kolejny rowerzysta. Wszyscy zaj\u0119ci w\u0142asnymi my\u015blami i nie przejmuj\u0105cy si\u0119 jakimi\u015b tam przepisami, mandatami, czy innymi wymys\u0142ami urz\u0119das\u00f3w.<\/p>\n<p>Ten nar\u00f3d jest niezatapialny.<\/p>\n","protected":false},"excerpt":{"rendered":"<p>Kilka lat temu, gdzie\u015b w sieci natrafi\u0142em na ciekawy komentarz, dotycz\u0105cy podej\u015bcia rodak\u00f3w do wszelakiej ma\u015bci urz\u0119d\u00f3w i przepis\u00f3w. Postawiona w tym komentarzu teza wydaje mi si\u0119 ciekawa i sp\u00f3jna. Ot\u00f3\u017c i ona: Przez 120 lat rozbior\u00f3w, aparat pa\u0144stwowy by\u0142 dla naszych okupant\u00f3w narz\u0119dziem do trzymania spo\u0142ecze\u0144stwa za pysk. Si\u0142\u0105 rzeczy spo\u0142ecze\u0144stwo wyrobi\u0142o sobie o [&hellip;]<\/p>\n","protected":false},"author":3,"featured_media":0,"comment_status":"open","ping_status":"closed","sticky":false,"template":"","format":"standard","meta":{"footnotes":""},"categories":[1],"tags":[],"class_list":["post-5013","post","type-post","status-publish","format-standard","hentry","category-rozne"],"_links":{"self":[{"href":"http:\/\/www.kosmala.pl\/index.php?rest_route=\/wp\/v2\/posts\/5013","targetHints":{"allow":["GET"]}}],"collection":[{"href":"http:\/\/www.kosmala.pl\/index.php?rest_route=\/wp\/v2\/posts"}],"about":[{"href":"http:\/\/www.kosmala.pl\/index.php?rest_route=\/wp\/v2\/types\/post"}],"author":[{"embeddable":true,"href":"http:\/\/www.kosmala.pl\/index.php?rest_route=\/wp\/v2\/users\/3"}],"replies":[{"embeddable":true,"href":"http:\/\/www.kosmala.pl\/index.php?rest_route=%2Fwp%2Fv2%2Fcomments&post=5013"}],"version-history":[{"count":6,"href":"http:\/\/www.kosmala.pl\/index.php?rest_route=\/wp\/v2\/posts\/5013\/revisions"}],"predecessor-version":[{"id":5019,"href":"http:\/\/www.kosmala.pl\/index.php?rest_route=\/wp\/v2\/posts\/5013\/revisions\/5019"}],"wp:attachment":[{"href":"http:\/\/www.kosmala.pl\/index.php?rest_route=%2Fwp%2Fv2%2Fmedia&parent=5013"}],"wp:term":[{"taxonomy":"category","embeddable":true,"href":"http:\/\/www.kosmala.pl\/index.php?rest_route=%2Fwp%2Fv2%2Fcategories&post=5013"},{"taxonomy":"post_tag","embeddable":true,"href":"http:\/\/www.kosmala.pl\/index.php?rest_route=%2Fwp%2Fv2%2Ftags&post=5013"}],"curies":[{"name":"wp","href":"https:\/\/api.w.org\/{rel}","templated":true}]}}