{"id":2279,"date":"2010-10-03T18:11:01","date_gmt":"2010-10-03T17:11:01","guid":{"rendered":"http:\/\/www.kosmala.pl\/?p=2279"},"modified":"2010-10-03T18:21:10","modified_gmt":"2010-10-03T17:21:10","slug":"honda-cr-v-i-vs-cb-radio","status":"publish","type":"post","link":"http:\/\/www.kosmala.pl\/?p=2279","title":{"rendered":"<!--:pl-->Honda CR-V I vs. CB-Radio<!--:-->"},"content":{"rendered":"<p><!--:pl-->A tak oto zamontowa\u0142em radyjko w Hondzie CR-V pierwszej generacji.<\/p>\n<p>Radio ulokowa\u0142em centralnie pod lewarkiem skrzyni bieg\u00f3w. W tym miejscu jest pod r\u0119k\u0105 i absolutnie w niczym nie przeszkadza.<\/p>\n<p><a href=\"http:\/\/www.kosmala.pl\/wp-content\/uploads\/2010\/10\/p1000481.jpg\" rel=\"lightbox[2279]\"><img loading=\"lazy\" decoding=\"async\" src=\"http:\/\/www.kosmala.pl\/wp-content\/uploads\/2010\/10\/p1000481.jpg\" alt=\"\" title=\"p1000481\" width=\"200\" height=\"300\" class=\"aligncenter size-medium wp-image-2284\" style=\"border:2px;border-style:solid;border-color:black\" srcset=\"http:\/\/www.kosmala.pl\/wp-content\/uploads\/2010\/10\/p1000481.jpg 366w, http:\/\/www.kosmala.pl\/wp-content\/uploads\/2010\/10\/p1000481-66x100.jpg 66w\" sizes=\"auto, (max-width: 200px) 100vw, 200px\" \/><\/a><br \/>\n<BR><br \/>\nA przytwierdzi\u0142em je za pomoc\u0105 takiego ustrojstwa, wygi\u0119tego przeze mnie z zawiasa jakiego\u015b starego tapczana. Wide\u0142ki na jednym z ko\u0144c\u00f3w pos\u0142u\u017c\u0105 jako uchwyt na gruszk\u0119.<\/p>\n<p><a href=\"http:\/\/www.kosmala.pl\/wp-content\/uploads\/2010\/10\/p1000474.jpg\" rel=\"lightbox[2279]\"><img loading=\"lazy\" decoding=\"async\" src=\"http:\/\/www.kosmala.pl\/wp-content\/uploads\/2010\/10\/p1000474.jpg\" alt=\"\" title=\"p1000474\" width=\"300\" height=\"200\" class=\"aligncenter size-medium wp-image-2281\" style=\"border:2px;border-style:solid;border-color:black\" srcset=\"http:\/\/www.kosmala.pl\/wp-content\/uploads\/2010\/10\/p1000474.jpg 800w, http:\/\/www.kosmala.pl\/wp-content\/uploads\/2010\/10\/p1000474-150x100.jpg 150w\" sizes=\"auto, (max-width: 300px) 100vw, 300px\" \/><\/a><br \/><a href=\"http:\/\/www.kosmala.pl\/wp-content\/uploads\/2010\/10\/p1000472.jpg\" rel=\"lightbox[2279]\"><img loading=\"lazy\" decoding=\"async\" src=\"http:\/\/www.kosmala.pl\/wp-content\/uploads\/2010\/10\/p1000472.jpg\" alt=\"\" title=\"p1000472\" width=\"300\" height=\"200\" class=\"aligncenter size-medium wp-image-2280\" style=\"border:2px;border-style:solid;border-color:black\" srcset=\"http:\/\/www.kosmala.pl\/wp-content\/uploads\/2010\/10\/p1000472.jpg 800w, http:\/\/www.kosmala.pl\/wp-content\/uploads\/2010\/10\/p1000472-150x100.jpg 150w\" sizes=\"auto, (max-width: 300px) 100vw, 300px\" \/><\/a><br \/>\n<BR><br \/>\nUchwyt przykr\u0119ci\u0142em do jednej ze \u015brub mocuj\u0105cych fotel. Urz\u0105dzenie mimo zamocowania tylko z jednej strony jest stabilne i porz\u0105dnie przytwierdzone. <\/p>\n<p><a href=\"http:\/\/www.kosmala.pl\/wp-content\/uploads\/2010\/10\/p1000485.jpg\" rel=\"lightbox[2279]\"><img loading=\"lazy\" decoding=\"async\" src=\"http:\/\/www.kosmala.pl\/wp-content\/uploads\/2010\/10\/p1000485.jpg\" alt=\"\" title=\"p1000485\" width=\"300\" height=\"200\" class=\"aligncenter size-medium wp-image-2286\" style=\"border:2px;border-style:solid;border-color:black\" srcset=\"http:\/\/www.kosmala.pl\/wp-content\/uploads\/2010\/10\/p1000485.jpg 800w, http:\/\/www.kosmala.pl\/wp-content\/uploads\/2010\/10\/p1000485-150x100.jpg 150w\" sizes=\"auto, (max-width: 300px) 100vw, 300px\" \/><\/a><br \/><a href=\"http:\/\/www.kosmala.pl\/wp-content\/uploads\/2010\/10\/p1000484.jpg\" rel=\"lightbox[2279]\"><img loading=\"lazy\" decoding=\"async\" src=\"http:\/\/www.kosmala.pl\/wp-content\/uploads\/2010\/10\/p1000484.jpg\" alt=\"\" title=\"p1000484\" width=\"300\" height=\"200\" class=\"aligncenter size-medium wp-image-2285\" style=\"border:2px;border-style:solid;border-color:black\" srcset=\"http:\/\/www.kosmala.pl\/wp-content\/uploads\/2010\/10\/p1000484.jpg 800w, http:\/\/www.kosmala.pl\/wp-content\/uploads\/2010\/10\/p1000484-150x100.jpg 150w\" sizes=\"auto, (max-width: 300px) 100vw, 300px\" \/><\/a><br \/>\n<br \/>\nA teraz antena. Przykr\u0119ci\u0142em j\u0105 do mocowania ko\u0142a zapasowego za pomoc\u0105 uchwytu, kt\u00f3ry swego czasu wykona\u0142em dla Audi 80 &#8211; <a href=\"http:\/\/www.kosmala.pl\/?p=39\">mo\u017cna to zobaczy\u0107 tutaj<\/a>. Uchwyt wystarczy\u0142o przemalowa\u0107 na czarno i gotowe. Kabel anteny jest puszczony otworem technologicznym razem z innymi przewodami klapy i dalej pod plastikami lewej strony auta &#8211; jego przeci\u0105gni\u0119cie nie nastr\u0119cza trudno\u015bci.<\/p>\n<p><a href=\"http:\/\/www.kosmala.pl\/wp-content\/uploads\/2010\/10\/p1000476.jpg\" rel=\"lightbox[2279]\"><img loading=\"lazy\" decoding=\"async\" src=\"http:\/\/www.kosmala.pl\/wp-content\/uploads\/2010\/10\/p1000476.jpg\" alt=\"\" title=\"p1000476\" width=\"200\" height=\"300\" class=\"aligncenter size-medium wp-image-2282\" style=\"border:2px;border-style:solid;border-color:black\" srcset=\"http:\/\/www.kosmala.pl\/wp-content\/uploads\/2010\/10\/p1000476.jpg 366w, http:\/\/www.kosmala.pl\/wp-content\/uploads\/2010\/10\/p1000476-66x100.jpg 66w\" sizes=\"auto, (max-width: 200px) 100vw, 200px\" \/><\/a><br \/><a href=\"http:\/\/www.kosmala.pl\/wp-content\/uploads\/2010\/10\/p1000477.jpg\" rel=\"lightbox[2279]\"><img loading=\"lazy\" decoding=\"async\" src=\"http:\/\/www.kosmala.pl\/wp-content\/uploads\/2010\/10\/p1000477.jpg\" alt=\"\" title=\"p1000477\" width=\"200\" height=\"300\" class=\"aligncenter size-medium wp-image-2283\" style=\"border:2px;border-style:solid;border-color:black\" srcset=\"http:\/\/www.kosmala.pl\/wp-content\/uploads\/2010\/10\/p1000477.jpg 366w, http:\/\/www.kosmala.pl\/wp-content\/uploads\/2010\/10\/p1000477-66x100.jpg 66w\" sizes=\"auto, (max-width: 200px) 100vw, 200px\" \/><\/a><\/p>\n<p>&nbsp;<\/p>\n<p>\nSWR na 19 kanale? Idealne 1,2 \ud83d\ude42<br \/>\n<br \/><!--:--><\/p>\n","protected":false},"excerpt":{"rendered":"<p>A tak oto zamontowa\u0142em radyjko w Hondzie CR-V pierwszej generacji. Radio ulokowa\u0142em centralnie pod lewarkiem skrzyni bieg\u00f3w. W tym miejscu jest pod r\u0119k\u0105 i absolutnie w niczym nie przeszkadza. A przytwierdzi\u0142em je za pomoc\u0105 takiego ustrojstwa, wygi\u0119tego przeze mnie z zawiasa jakiego\u015b starego tapczana. Wide\u0142ki na jednym z ko\u0144c\u00f3w pos\u0142u\u017c\u0105 jako uchwyt na gruszk\u0119. Uchwyt [&hellip;]<\/p>\n","protected":false},"author":3,"featured_media":0,"comment_status":"open","ping_status":"open","sticky":false,"template":"","format":"standard","meta":{"footnotes":""},"categories":[1],"tags":[277,276,275,278],"class_list":["post-2279","post","type-post","status-publish","format-standard","hentry","category-rozne","tag-cb-radio-2","tag-cr-v","tag-honda","tag-montaz"],"_links":{"self":[{"href":"http:\/\/www.kosmala.pl\/index.php?rest_route=\/wp\/v2\/posts\/2279","targetHints":{"allow":["GET"]}}],"collection":[{"href":"http:\/\/www.kosmala.pl\/index.php?rest_route=\/wp\/v2\/posts"}],"about":[{"href":"http:\/\/www.kosmala.pl\/index.php?rest_route=\/wp\/v2\/types\/post"}],"author":[{"embeddable":true,"href":"http:\/\/www.kosmala.pl\/index.php?rest_route=\/wp\/v2\/users\/3"}],"replies":[{"embeddable":true,"href":"http:\/\/www.kosmala.pl\/index.php?rest_route=%2Fwp%2Fv2%2Fcomments&post=2279"}],"version-history":[{"count":43,"href":"http:\/\/www.kosmala.pl\/index.php?rest_route=\/wp\/v2\/posts\/2279\/revisions"}],"predecessor-version":[{"id":2329,"href":"http:\/\/www.kosmala.pl\/index.php?rest_route=\/wp\/v2\/posts\/2279\/revisions\/2329"}],"wp:attachment":[{"href":"http:\/\/www.kosmala.pl\/index.php?rest_route=%2Fwp%2Fv2%2Fmedia&parent=2279"}],"wp:term":[{"taxonomy":"category","embeddable":true,"href":"http:\/\/www.kosmala.pl\/index.php?rest_route=%2Fwp%2Fv2%2Fcategories&post=2279"},{"taxonomy":"post_tag","embeddable":true,"href":"http:\/\/www.kosmala.pl\/index.php?rest_route=%2Fwp%2Fv2%2Ftags&post=2279"}],"curies":[{"name":"wp","href":"https:\/\/api.w.org\/{rel}","templated":true}]}}