{"id":191,"date":"2008-11-12T21:16:15","date_gmt":"2008-11-12T20:16:15","guid":{"rendered":"http:\/\/www.kosmala.pl\/?p=191"},"modified":"2008-11-12T21:16:15","modified_gmt":"2008-11-12T20:16:15","slug":"dni-morza-szczecin-2008-part-3","status":"publish","type":"post","link":"http:\/\/www.kosmala.pl\/?p=191","title":{"rendered":"<!--:pl-->Dni morza &#8211; Szczecin 2008 (part 3)<!--:-->"},"content":{"rendered":"<p><!--:pl--><\/p>\n<p style=\"text-align: left;\">Ostatni zestaw fotografii z Dni Morza 2008 w Szczecinie. Wcze\u015bniejsze galerie s\u0105 <a href=\"http:\/\/www.kosmala.pl\/?p=159\">tutaj<\/a> oraz <a href=\"http:\/\/www.kosmala.pl\/?p=175\">tutaj<\/a>.<\/p>\n<p style=\"text-align: left;\"><span style=\"color: #ffffff;\">.<\/span><\/p>\n<p style=\"text-align: center;\"><img loading=\"lazy\" decoding=\"async\" class=\"aligncenter size-full wp-image-192\" title=\"dsc_2482_01\" src=\"http:\/\/www.kosmala.pl\/wp-content\/uploads\/2008\/06\/dsc_2482_01.jpg\" alt=\"\" width=\"351\" height=\"524\" srcset=\"http:\/\/www.kosmala.pl\/wp-content\/uploads\/2008\/06\/dsc_2482_01.jpg 351w, http:\/\/www.kosmala.pl\/wp-content\/uploads\/2008\/06\/dsc_2482_01-200x300.jpg 200w\" sizes=\"auto, (max-width: 351px) 100vw, 351px\" \/><\/p>\n<p style=\"text-align: center;\"><em>Drewniany deptak \u0141asztowni.<\/em><\/p>\n<p style=\"text-align: left;\"><span style=\"color: #ffffff;\">.<\/span><\/p>\n<p style=\"text-align: left;\"><!--:--><!--more--><!--:pl--><\/p>\n<p style=\"text-align: left;\"><span style=\"color: #ffffff;\">.<\/span><\/p>\n<p style=\"text-align: center;\"><img loading=\"lazy\" decoding=\"async\" class=\"aligncenter size-full wp-image-193\" title=\"dsc_2498\" src=\"http:\/\/www.kosmala.pl\/wp-content\/uploads\/2008\/06\/dsc_2498.jpg\" alt=\"\" width=\"356\" height=\"524\" srcset=\"http:\/\/www.kosmala.pl\/wp-content\/uploads\/2008\/06\/dsc_2498.jpg 356w, http:\/\/www.kosmala.pl\/wp-content\/uploads\/2008\/06\/dsc_2498-203x300.jpg 203w\" sizes=\"auto, (max-width: 356px) 100vw, 356px\" \/><\/p>\n<p style=\"text-align: center;\"><em>\u017beby nie wsp\u00f3\u0142czesne d\u017awigi&#8230;<\/em><\/p>\n<p style=\"text-align: left;\"><span style=\"color: #ffffff;\">.<\/span><\/p>\n<p style=\"text-align: center;\"><img loading=\"lazy\" decoding=\"async\" class=\"aligncenter size-full wp-image-195\" title=\"dsc_2508\" src=\"http:\/\/www.kosmala.pl\/wp-content\/uploads\/2008\/06\/dsc_2508.jpg\" alt=\"\" width=\"500\" height=\"341\" srcset=\"http:\/\/www.kosmala.pl\/wp-content\/uploads\/2008\/06\/dsc_2508.jpg 524w, http:\/\/www.kosmala.pl\/wp-content\/uploads\/2008\/06\/dsc_2508-300x204.jpg 300w\" sizes=\"auto, (max-width: 500px) 100vw, 500px\" \/><\/p>\n<p style=\"text-align: center;\"><em>Ruch na Odrze trwa\u0142 nieprzerwanie.<\/em><\/p>\n<p style=\"text-align: left;\"><span style=\"color: #ffffff;\">.<\/span><\/p>\n<p style=\"text-align: center;\"><img loading=\"lazy\" decoding=\"async\" class=\"aligncenter size-full wp-image-196\" title=\"dsc_2510_01\" src=\"http:\/\/www.kosmala.pl\/wp-content\/uploads\/2008\/06\/dsc_2510_01.jpg\" alt=\"\" width=\"500\" height=\"340\" srcset=\"http:\/\/www.kosmala.pl\/wp-content\/uploads\/2008\/06\/dsc_2510_01.jpg 524w, http:\/\/www.kosmala.pl\/wp-content\/uploads\/2008\/06\/dsc_2510_01-300x204.jpg 300w\" sizes=\"auto, (max-width: 500px) 100vw, 500px\" \/><\/p>\n<p style=\"text-align: center;\"><em>Ekipa TVP w trakcie pracy.<\/em><\/p>\n<p style=\"text-align: left;\"><span style=\"color: #ffffff;\">.<\/span><\/p>\n<p style=\"text-align: center;\"><img loading=\"lazy\" decoding=\"async\" class=\"aligncenter size-full wp-image-197\" title=\"dsc_2510_02\" src=\"http:\/\/www.kosmala.pl\/wp-content\/uploads\/2008\/06\/dsc_2510_02.jpg\" alt=\"\" width=\"357\" height=\"524\" srcset=\"http:\/\/www.kosmala.pl\/wp-content\/uploads\/2008\/06\/dsc_2510_02.jpg 357w, http:\/\/www.kosmala.pl\/wp-content\/uploads\/2008\/06\/dsc_2510_02-204x300.jpg 204w\" sizes=\"auto, (max-width: 357px) 100vw, 357px\" \/><\/p>\n<p style=\"text-align: center;\"><em>Jak wiadomo, u prezentera TV mimika twarzy to podstawa.<\/em><\/p>\n<p style=\"text-align: left;\"><span style=\"color: #ffffff;\">.<\/span><\/p>\n<p style=\"text-align: center;\"><img loading=\"lazy\" decoding=\"async\" class=\"aligncenter size-full wp-image-198\" title=\"dsc_2525_01\" src=\"http:\/\/www.kosmala.pl\/wp-content\/uploads\/2008\/06\/dsc_2525_01.jpg\" alt=\"\" width=\"500\" height=\"330\" srcset=\"http:\/\/www.kosmala.pl\/wp-content\/uploads\/2008\/06\/dsc_2525_01.jpg 524w, http:\/\/www.kosmala.pl\/wp-content\/uploads\/2008\/06\/dsc_2525_01-300x198.jpg 300w\" sizes=\"auto, (max-width: 500px) 100vw, 500px\" \/><\/p>\n<p style=\"text-align: center;\"><em>Niemiecka &#8222;Aurora&#8221;<\/em> cumuj\u0105ca po paradzie old-timer-\u00f3w.<\/p>\n<p style=\"text-align: left;\"><span style=\"color: #ffffff;\">.<\/span><\/p>\n<p style=\"text-align: center;\"><img loading=\"lazy\" decoding=\"async\" class=\"aligncenter size-full wp-image-199\" title=\"dsc_2529\" src=\"http:\/\/www.kosmala.pl\/wp-content\/uploads\/2008\/06\/dsc_2529.jpg\" alt=\"\" width=\"356\" height=\"524\" srcset=\"http:\/\/www.kosmala.pl\/wp-content\/uploads\/2008\/06\/dsc_2529.jpg 356w, http:\/\/www.kosmala.pl\/wp-content\/uploads\/2008\/06\/dsc_2529-203x300.jpg 203w\" sizes=\"auto, (max-width: 356px) 100vw, 356px\" \/><\/p>\n<p style=\"text-align: center;\"><em>&#8222;Ranna&#8221; (te\u017c z RFN) ju\u017c zacumowana.<\/em><\/p>\n<p style=\"text-align: left;\"><span style=\"color: #ffffff;\">.<\/span><\/p>\n<p style=\"text-align: center;\"><img loading=\"lazy\" decoding=\"async\" class=\"aligncenter size-full wp-image-201\" title=\"dsc_2540_02\" src=\"http:\/\/www.kosmala.pl\/wp-content\/uploads\/2008\/06\/dsc_2540_02.jpg\" alt=\"\" width=\"356\" height=\"524\" srcset=\"http:\/\/www.kosmala.pl\/wp-content\/uploads\/2008\/06\/dsc_2540_02.jpg 356w, http:\/\/www.kosmala.pl\/wp-content\/uploads\/2008\/06\/dsc_2540_02-203x300.jpg 203w\" sizes=\"auto, (max-width: 356px) 100vw, 356px\" \/><\/p>\n<p style=\"text-align: center;\"><em>Dar M\u0142odzie\u017cy w pe\u0142nej krasie. Za nim Kruzenstern.<\/em><\/p>\n<p style=\"text-align: left;\"><span style=\"color: #ffffff;\">.<\/span><\/p>\n<p style=\"text-align: center;\"><img loading=\"lazy\" decoding=\"async\" class=\"aligncenter size-full wp-image-202\" title=\"dsc_2544_01\" src=\"http:\/\/www.kosmala.pl\/wp-content\/uploads\/2008\/06\/dsc_2544_01.jpg\" alt=\"\" width=\"500\" height=\"339\" srcset=\"http:\/\/www.kosmala.pl\/wp-content\/uploads\/2008\/06\/dsc_2544_01.jpg 524w, http:\/\/www.kosmala.pl\/wp-content\/uploads\/2008\/06\/dsc_2544_01-300x203.jpg 300w\" sizes=\"auto, (max-width: 500px) 100vw, 500px\" \/><\/p>\n<p style=\"text-align: center;\"><em>Przy naszej fregacie warto zadrze\u0107 g\u0142ow\u0119.<\/em><\/p>\n<p style=\"text-align: left;\"><span style=\"color: #ffffff;\">.<\/span><\/p>\n<p style=\"text-align: center;\"><img loading=\"lazy\" decoding=\"async\" class=\"aligncenter size-full wp-image-203\" title=\"dsc_2545\" src=\"http:\/\/www.kosmala.pl\/wp-content\/uploads\/2008\/06\/dsc_2545.jpg\" alt=\"\" width=\"500\" height=\"339\" srcset=\"http:\/\/www.kosmala.pl\/wp-content\/uploads\/2008\/06\/dsc_2545.jpg 524w, http:\/\/www.kosmala.pl\/wp-content\/uploads\/2008\/06\/dsc_2545-300x203.jpg 300w\" sizes=\"auto, (max-width: 500px) 100vw, 500px\" \/><\/p>\n<p style=\"text-align: center;\"><em>Za\u0142oga Daru \u015bci\u0105ga trap, za kilka minut odbijaj\u0105.<\/em><\/p>\n<p style=\"text-align: left;\"><span style=\"color: #ffffff;\">.<\/span><\/p>\n<p style=\"text-align: center;\"><img loading=\"lazy\" decoding=\"async\" class=\"aligncenter size-full wp-image-204\" title=\"dsc_2583_01\" src=\"http:\/\/www.kosmala.pl\/wp-content\/uploads\/2008\/06\/dsc_2583_01.jpg\" alt=\"\" width=\"356\" height=\"524\" srcset=\"http:\/\/www.kosmala.pl\/wp-content\/uploads\/2008\/06\/dsc_2583_01.jpg 356w, http:\/\/www.kosmala.pl\/wp-content\/uploads\/2008\/06\/dsc_2583_01-203x300.jpg 203w\" sizes=\"auto, (max-width: 356px) 100vw, 356px\" \/><\/p>\n<p style=\"text-align: center;\"><em>Podczas odej\u015bcia od kei za\u0142oga Daru rozsiad\u0142a si\u0119 paradnie na wantach&#8230;<\/em><\/p>\n<p style=\"text-align: left;\"><span style=\"color: #ffffff;\">.<\/span><\/p>\n<p style=\"text-align: center;\"><img loading=\"lazy\" decoding=\"async\" class=\"aligncenter size-full wp-image-205\" title=\"dsc_2588_01\" src=\"http:\/\/www.kosmala.pl\/wp-content\/uploads\/2008\/06\/dsc_2588_01.jpg\" alt=\"\" width=\"500\" height=\"341\" srcset=\"http:\/\/www.kosmala.pl\/wp-content\/uploads\/2008\/06\/dsc_2588_01.jpg 524w, http:\/\/www.kosmala.pl\/wp-content\/uploads\/2008\/06\/dsc_2588_01-300x204.jpg 300w\" sizes=\"auto, (max-width: 500px) 100vw, 500px\" \/><\/p>\n<p style=\"text-align: center;\"><em>&#8230;a \u017ce Dar maszty ma trzy, to i wysz\u0142o bardzo widowiskowo. Stopy wody pod kilem za\u0142ogo.<\/em><\/p>\n<p style=\"text-align: left;\"><span style=\"color: #ffffff;\">.<\/span><\/p>\n<p><!--:--><\/p>\n","protected":false},"excerpt":{"rendered":"<p>Ostatni zestaw fotografii z Dni Morza 2008 w Szczecinie. Wcze\u015bniejsze galerie s\u0105 tutaj oraz tutaj. . Drewniany deptak \u0141asztowni. .<\/p>\n","protected":false},"author":3,"featured_media":0,"comment_status":"open","ping_status":"open","sticky":false,"template":"","format":"standard","meta":{"footnotes":""},"categories":[18,1,19],"tags":[54],"class_list":["post-191","post","type-post","status-publish","format-standard","hentry","category-foto","category-rozne","category-wyprawy","tag-foto-dni-morza-szczecin-zagle-zaglowce"],"_links":{"self":[{"href":"http:\/\/www.kosmala.pl\/index.php?rest_route=\/wp\/v2\/posts\/191","targetHints":{"allow":["GET"]}}],"collection":[{"href":"http:\/\/www.kosmala.pl\/index.php?rest_route=\/wp\/v2\/posts"}],"about":[{"href":"http:\/\/www.kosmala.pl\/index.php?rest_route=\/wp\/v2\/types\/post"}],"author":[{"embeddable":true,"href":"http:\/\/www.kosmala.pl\/index.php?rest_route=\/wp\/v2\/users\/3"}],"replies":[{"embeddable":true,"href":"http:\/\/www.kosmala.pl\/index.php?rest_route=%2Fwp%2Fv2%2Fcomments&post=191"}],"version-history":[{"count":1,"href":"http:\/\/www.kosmala.pl\/index.php?rest_route=\/wp\/v2\/posts\/191\/revisions"}],"predecessor-version":[{"id":577,"href":"http:\/\/www.kosmala.pl\/index.php?rest_route=\/wp\/v2\/posts\/191\/revisions\/577"}],"wp:attachment":[{"href":"http:\/\/www.kosmala.pl\/index.php?rest_route=%2Fwp%2Fv2%2Fmedia&parent=191"}],"wp:term":[{"taxonomy":"category","embeddable":true,"href":"http:\/\/www.kosmala.pl\/index.php?rest_route=%2Fwp%2Fv2%2Fcategories&post=191"},{"taxonomy":"post_tag","embeddable":true,"href":"http:\/\/www.kosmala.pl\/index.php?rest_route=%2Fwp%2Fv2%2Ftags&post=191"}],"curies":[{"name":"wp","href":"https:\/\/api.w.org\/{rel}","templated":true}]}}