{"id":1284,"date":"2009-08-13T20:04:00","date_gmt":"2009-08-13T19:04:00","guid":{"rendered":"http:\/\/www.kosmala.pl\/?p=1284"},"modified":"2009-08-13T20:04:00","modified_gmt":"2009-08-13T19:04:00","slug":"zapomnianym","status":"publish","type":"post","link":"http:\/\/www.kosmala.pl\/?p=1284","title":{"rendered":"<!--:pl-->Zapomnianym<!--:-->"},"content":{"rendered":"<p><!--:pl-->Przeje\u017cd\u017caj\u0105c w okolicy Golczewa (Zachodniopomorskie) w oddali, na skraju lasu, zauwa\u017cy\u0142em skryty w\u015br\u00f3d krzak\u00f3w i pokrzyw niewielki pomnik. Widok by\u0142 na tyle niecodzienny, \u017ce zatrzyma\u0142em si\u0119 obejrze\u0107 obiekt z bliska. Monumencik okaza\u0142 si\u0119 ho\u0142dem \u017co\u0142nierzom Armii Czerwonej. Pod koniec II Wojny \u015awiatowej w tamtych rejonach toczy\u0142y si\u0119 ci\u0119\u017ckie walki &#8211; sz\u0142o g\u0142\u00f3wnie o wytw\u00f3rni\u0119 i sk\u0142ady amunicji. Tak spogl\u0105da\u0142em na t\u0119 konstrukcj\u0119 i rozmy\u015bla\u0142em, ile ludzkiej krwi wch\u0142on\u0119\u0142a ta ziemia tylko dlatego, \u017ce na pocz\u0105tku zesz\u0142ego wieku kilku megalomanom co\u015b poprzestawia\u0142o si\u0119 pod sufitami.<\/p>\n<p>\n\t\t<style>\n\t\t\t#gallery-1 {\n\t\t\t\tmargin: auto;\n\t\t\t}\n\t\t\t#gallery-1 .gallery-item {\n\t\t\t\tfloat: left;\n\t\t\t\tmargin-top: 10px;\n\t\t\t\ttext-align: center;\n\t\t\t\twidth: 50%;\n\t\t\t}\n\t\t\t#gallery-1 img {\n\t\t\t\tborder: 2px solid #cfcfcf;\n\t\t\t}\n\t\t\t#gallery-1 .gallery-caption {\n\t\t\t\tmargin-left: 0;\n\t\t\t}\n\t\t\t\/* see gallery_shortcode() in wp-includes\/media.php *\/\n\t\t<\/style>\n\t\t<div id='gallery-1' class='gallery galleryid-1284 gallery-columns-2 gallery-size-medium'><dl class='gallery-item'>\n\t\t\t<dt class='gallery-icon landscape'>\n\t\t\t\t<a href='http:\/\/www.kosmala.pl\/wp-content\/uploads\/2009\/08\/dsc_1493.jpg' rel=\"lightbox[1284]\"><img loading=\"lazy\" decoding=\"async\" width=\"150\" height=\"100\" src=\"http:\/\/www.kosmala.pl\/wp-content\/uploads\/2009\/08\/dsc_1493-150x100.jpg\" class=\"attachment-medium size-medium\" alt=\"\" srcset=\"http:\/\/www.kosmala.pl\/wp-content\/uploads\/2009\/08\/dsc_1493-150x100.jpg 150w, http:\/\/www.kosmala.pl\/wp-content\/uploads\/2009\/08\/dsc_1493.jpg 800w\" sizes=\"auto, (max-width: 150px) 100vw, 150px\" \/><\/a>\n\t\t\t<\/dt><\/dl><dl class='gallery-item'>\n\t\t\t<dt class='gallery-icon portrait'>\n\t\t\t\t<a href='http:\/\/www.kosmala.pl\/wp-content\/uploads\/2009\/08\/dsc_1472.jpg' rel=\"lightbox[1284]\"><img loading=\"lazy\" decoding=\"async\" width=\"66\" height=\"100\" src=\"http:\/\/www.kosmala.pl\/wp-content\/uploads\/2009\/08\/dsc_1472-66x100.jpg\" class=\"attachment-medium size-medium\" alt=\"\" srcset=\"http:\/\/www.kosmala.pl\/wp-content\/uploads\/2009\/08\/dsc_1472-66x100.jpg 66w, http:\/\/www.kosmala.pl\/wp-content\/uploads\/2009\/08\/dsc_1472.jpg 398w\" sizes=\"auto, (max-width: 66px) 100vw, 66px\" \/><\/a>\n\t\t\t<\/dt><\/dl><br style=\"clear: both\" \/><dl class='gallery-item'>\n\t\t\t<dt class='gallery-icon portrait'>\n\t\t\t\t<a href='http:\/\/www.kosmala.pl\/wp-content\/uploads\/2009\/08\/dsc_1485.jpg' rel=\"lightbox[1284]\"><img loading=\"lazy\" decoding=\"async\" width=\"67\" height=\"100\" src=\"http:\/\/www.kosmala.pl\/wp-content\/uploads\/2009\/08\/dsc_1485-67x100.jpg\" class=\"attachment-medium size-medium\" alt=\"\" srcset=\"http:\/\/www.kosmala.pl\/wp-content\/uploads\/2009\/08\/dsc_1485-67x100.jpg 67w, http:\/\/www.kosmala.pl\/wp-content\/uploads\/2009\/08\/dsc_1485.jpg 402w\" sizes=\"auto, (max-width: 67px) 100vw, 67px\" \/><\/a>\n\t\t\t<\/dt><\/dl><dl class='gallery-item'>\n\t\t\t<dt class='gallery-icon landscape'>\n\t\t\t\t<a href='http:\/\/www.kosmala.pl\/wp-content\/uploads\/2009\/08\/dsc_1474.jpg' rel=\"lightbox[1284]\"><img loading=\"lazy\" decoding=\"async\" width=\"150\" height=\"100\" src=\"http:\/\/www.kosmala.pl\/wp-content\/uploads\/2009\/08\/dsc_1474-150x100.jpg\" class=\"attachment-medium size-medium\" alt=\"\" srcset=\"http:\/\/www.kosmala.pl\/wp-content\/uploads\/2009\/08\/dsc_1474-150x100.jpg 150w, http:\/\/www.kosmala.pl\/wp-content\/uploads\/2009\/08\/dsc_1474.jpg 800w\" sizes=\"auto, (max-width: 150px) 100vw, 150px\" \/><\/a>\n\t\t\t<\/dt><\/dl><br style=\"clear: both\" \/>\n\t\t<\/div>\n<br \/>\n<!--:--><\/p>\n","protected":false},"excerpt":{"rendered":"<p>Przeje\u017cd\u017caj\u0105c w okolicy Golczewa (Zachodniopomorskie) w oddali, na skraju lasu, zauwa\u017cy\u0142em skryty w\u015br\u00f3d krzak\u00f3w i pokrzyw niewielki pomnik. Widok by\u0142 na tyle niecodzienny, \u017ce zatrzyma\u0142em si\u0119 obejrze\u0107 obiekt z bliska. Monumencik okaza\u0142 si\u0119 ho\u0142dem \u017co\u0142nierzom Armii Czerwonej. Pod koniec II Wojny \u015awiatowej w tamtych rejonach toczy\u0142y si\u0119 ci\u0119\u017ckie walki &#8211; sz\u0142o g\u0142\u00f3wnie o wytw\u00f3rni\u0119 i [&hellip;]<\/p>\n","protected":false},"author":3,"featured_media":0,"comment_status":"open","ping_status":"open","sticky":false,"template":"","format":"standard","meta":{"footnotes":""},"categories":[18,1],"tags":[213,212,154],"class_list":["post-1284","post","type-post","status-publish","format-standard","hentry","category-foto","category-rozne","tag-golczewo","tag-pomnik","tag-wojna"],"_links":{"self":[{"href":"http:\/\/www.kosmala.pl\/index.php?rest_route=\/wp\/v2\/posts\/1284","targetHints":{"allow":["GET"]}}],"collection":[{"href":"http:\/\/www.kosmala.pl\/index.php?rest_route=\/wp\/v2\/posts"}],"about":[{"href":"http:\/\/www.kosmala.pl\/index.php?rest_route=\/wp\/v2\/types\/post"}],"author":[{"embeddable":true,"href":"http:\/\/www.kosmala.pl\/index.php?rest_route=\/wp\/v2\/users\/3"}],"replies":[{"embeddable":true,"href":"http:\/\/www.kosmala.pl\/index.php?rest_route=%2Fwp%2Fv2%2Fcomments&post=1284"}],"version-history":[{"count":14,"href":"http:\/\/www.kosmala.pl\/index.php?rest_route=\/wp\/v2\/posts\/1284\/revisions"}],"predecessor-version":[{"id":1302,"href":"http:\/\/www.kosmala.pl\/index.php?rest_route=\/wp\/v2\/posts\/1284\/revisions\/1302"}],"wp:attachment":[{"href":"http:\/\/www.kosmala.pl\/index.php?rest_route=%2Fwp%2Fv2%2Fmedia&parent=1284"}],"wp:term":[{"taxonomy":"category","embeddable":true,"href":"http:\/\/www.kosmala.pl\/index.php?rest_route=%2Fwp%2Fv2%2Fcategories&post=1284"},{"taxonomy":"post_tag","embeddable":true,"href":"http:\/\/www.kosmala.pl\/index.php?rest_route=%2Fwp%2Fv2%2Ftags&post=1284"}],"curies":[{"name":"wp","href":"https:\/\/api.w.org\/{rel}","templated":true}]}}