{"id":128,"date":"2008-05-14T18:56:22","date_gmt":"2008-05-14T16:56:22","guid":{"rendered":"http:\/\/www.kosmala.pl\/?p=128"},"modified":"2008-05-14T18:56:22","modified_gmt":"2008-05-14T16:56:22","slug":"wspomnien-czar","status":"publish","type":"post","link":"http:\/\/www.kosmala.pl\/?p=128","title":{"rendered":"<!--:pl-->Wspomnie\u0144 czar<!--:-->"},"content":{"rendered":"<p><!--:pl-->Publikowanie w internecie wizerunk\u00f3w os\u00f3b bez ich zgody, stanowi (poza nielicznymi wyj\u0105tkami typu: imprezy masowe, czy miejsca i osoby publiczne) naruszenie prawa. Co ciekawe, jak dowiedzia\u0142em sie ostatnio z <a href=\"http:\/\/www.gazetaprawna.pl\">Gazety Prawnej<\/a>, opublikowanie starej, grupowej fotografii szkolnej bez zgody wszystkich przedstawionych na niej os\u00f3b, jest r\u00f3wnie\u017c nielegalne.<\/p>\n<p><!--:--><!--more--><!--:pl--><\/p>\n<p>My\u015bl\u0119 jednak, \u017ce to przesada. Z wiadomych powod\u00f3w, ka\u017cde z nas powinno mie\u0107 mo\u017cliwo\u015b\u0107 ochrony swojej prywatno\u015bci, ale grupowa fotografia zrobiona ca\u0142ej klasie na terenie szko\u0142y, stanowi przecie\u017c w\u0142asno\u015b\u0107 wsp\u00f3ln\u0105. W ko\u0144cu takich fotek nie robi si\u0119 ani na si\u0142\u0119, ani niespodziewanie. Je\u017celi kto\u015b z jaki\u015b powod\u00f3w (np. przekonania, stan zdrowia, itp.) nie chcia\u0142 mie\u0107 zdj\u0119cia z reszt\u0105 kole\u017canek i koleg\u00f3w, to raczej nie zosta\u0142 do tego zmuszony (a je\u017celi zosta\u0142, to nawet po latach ma mo\u017cliwo\u015b\u0107 wskazania os\u00f3b, kt\u00f3re go zmusi\u0142y i wyja\u015bnienia tego na drodze prawnej).<\/p>\n<p>Poni\u017cej przedstawiam jeden z moich grupowych tabloid\u00f3w. Zg\u00f3d nie mam, wi\u0119c wizerunk\u00f3w nie ujawniam. Mojego te\u017c, bo nie b\u0119d\u0119 si\u0119 wychyla\u0142 i nie wyra\u017cam sobie zgody na publikacj\u0119. A \u017ce wygl\u0105damy jak by\u015bmy wszyscy czekali na decyzj\u0119 s\u0105du &#8211; trudno. Rok nie wyrok, dwa lata jak dla brata&#8230;<\/p>\n<p><span style=\"color: #ffffff;\">.<\/span><\/p>\n<p style=\"text-align: center;\"><img loading=\"lazy\" decoding=\"async\" class=\"aligncenter size-full wp-image-131\" title=\"tablica\" src=\"http:\/\/www.kosmala.pl\/wp-content\/uploads\/2008\/05\/tablica.jpg\" alt=\"\" width=\"500\" height=\"336\" srcset=\"http:\/\/www.kosmala.pl\/wp-content\/uploads\/2008\/05\/tablica.jpg 508w, http:\/\/www.kosmala.pl\/wp-content\/uploads\/2008\/05\/tablica-300x201.jpg 300w\" sizes=\"auto, (max-width: 500px) 100vw, 500px\" \/><\/p>\n<p style=\"text-align: left;\"><span style=\"color: #ffffff;\">.<\/span><\/p>\n<p><!--:--><\/p>\n","protected":false},"excerpt":{"rendered":"<p>Publikowanie w internecie wizerunk\u00f3w os\u00f3b bez ich zgody, stanowi (poza nielicznymi wyj\u0105tkami typu: imprezy masowe, czy miejsca i osoby publiczne) naruszenie prawa. Co ciekawe, jak dowiedzia\u0142em sie ostatnio z Gazety Prawnej, opublikowanie starej, grupowej fotografii szkolnej bez zgody wszystkich przedstawionych na niej os\u00f3b, jest r\u00f3wnie\u017c nielegalne.<\/p>\n","protected":false},"author":3,"featured_media":0,"comment_status":"open","ping_status":"open","sticky":false,"template":"","format":"standard","meta":{"footnotes":""},"categories":[18,1],"tags":[44],"class_list":["post-128","post","type-post","status-publish","format-standard","hentry","category-foto","category-rozne","tag-klasa-wizerunek-publikacja"],"_links":{"self":[{"href":"http:\/\/www.kosmala.pl\/index.php?rest_route=\/wp\/v2\/posts\/128","targetHints":{"allow":["GET"]}}],"collection":[{"href":"http:\/\/www.kosmala.pl\/index.php?rest_route=\/wp\/v2\/posts"}],"about":[{"href":"http:\/\/www.kosmala.pl\/index.php?rest_route=\/wp\/v2\/types\/post"}],"author":[{"embeddable":true,"href":"http:\/\/www.kosmala.pl\/index.php?rest_route=\/wp\/v2\/users\/3"}],"replies":[{"embeddable":true,"href":"http:\/\/www.kosmala.pl\/index.php?rest_route=%2Fwp%2Fv2%2Fcomments&post=128"}],"version-history":[{"count":0,"href":"http:\/\/www.kosmala.pl\/index.php?rest_route=\/wp\/v2\/posts\/128\/revisions"}],"wp:attachment":[{"href":"http:\/\/www.kosmala.pl\/index.php?rest_route=%2Fwp%2Fv2%2Fmedia&parent=128"}],"wp:term":[{"taxonomy":"category","embeddable":true,"href":"http:\/\/www.kosmala.pl\/index.php?rest_route=%2Fwp%2Fv2%2Fcategories&post=128"},{"taxonomy":"post_tag","embeddable":true,"href":"http:\/\/www.kosmala.pl\/index.php?rest_route=%2Fwp%2Fv2%2Ftags&post=128"}],"curies":[{"name":"wp","href":"https:\/\/api.w.org\/{rel}","templated":true}]}}